{"id":350902,"date":"2022-11-29T23:15:24","date_gmt":"2022-11-29T22:15:24","guid":{"rendered":"https:\/\/acrobatica.es\/?p=350902"},"modified":"2024-09-06T11:24:57","modified_gmt":"2024-09-06T09:24:57","slug":"ediliziacrobatica-i-acces-vertical-creen-ea-iberica-i-inicien-els-seus-plans-dexpansio-per-espanya","status":"publish","type":"post","link":"https:\/\/acrobatica.es\/ca\/ediliziacrobatica-i-acces-vertical-creen-ea-iberica-i-inicien-els-seus-plans-dexpansio-per-espanya\/","title":{"rendered":"Acrobatica i Acc\u00e9s Vertical creuen EA Ib\u00e8rica i inici\u00efn els seus plans d&#8217;expansi\u00f3 per Espanya"},"content":{"rendered":"\n<p class=\"\"><strong><em>NewCo EA Ib\u00e8rica funcionar\u00e0 com a delegaci\u00f3 de Acrobatica\u00ae i comptar\u00e0 amb l&#8217;estructura de Acc\u00e9s Vertical i el seu coneixement del mercat local.<\/em><\/strong><\/p>\n\n\n\n<p class=\"\">La multinacional Acrobatica\u00ae (EDAC) i Acc\u00e9s Vertical uneixen forces per a emprendre l&#8217;expansi\u00f3 de totes dues empreses pel territori espanyol. La f\u00f3rmula amb la qual les dues companyies, especialitzades en treballs de construcci\u00f3 i manteniment de dif\u00edcil acc\u00e9s, realitzaran aquesta fusi\u00f3 \u00e9s amb la creaci\u00f3 de la NewCo EA Ib\u00e8rica, que funcionar\u00e0 com a delegaci\u00f3 de Acrobatica\u00ae i comptar\u00e0 amb l&#8217;estructura de Acc\u00e9s Vertical i el seu coneixement del mercat local.<\/p>\n\n\n\n<p class=\"\">L&#8217;operaci\u00f3 s&#8217;emmarca dins de l&#8217;estrat\u00e8gia d&#8217;internacionalitzaci\u00f3 de Acrobatica\u00ae, iniciada fa dos anys a Fran\u00e7a i que t\u00e9 com a objectiu expandir el seu model de negoci per tota Europa. Per a Acc\u00e9s Vertical, aquesta fusi\u00f3 \u201csuposa l&#8217;oportunitat de continuar creixent tenint com partner a un referent en el mercat internacional\u201d, explica Ferran Parra, actual CEO Chief Executive Officer del grup Acc\u00e9s i conseller delegat d&#8217;EA Ib\u00e8rica.<\/p>\n\n\n\n<p class=\"\">El grup ACC\u00c9S continuar\u00e0 operant de la mateixa manera que en l&#8217;actualitat i oferir\u00e0 els mateixos serveis que fins avui delegant exclusivament la rehabilitaci\u00f3 d&#8217;edificis mitjan\u00e7ant t\u00e8cniques i posicionament per cordes (t\u00e8cniques de treballs verticals) a la nova companyia del grup.<\/p>\n\n\n\n<p class=\"\">La integraci\u00f3 de l&#8217;activitat empresarial de EDAC i Acc\u00e9s Vertical arriba, a m\u00e9s, en un moment crucial per a l&#8217;economia espanyola, que presenta perspectives de creixement superiors a la resta de pa\u00efsos de l&#8217;eurozona per al 2021 i 2022.<\/p>\n\n\n\n<p class=\"\">Entre altres aplicacions, els treballs verticals s\u00f3n una especialitat dins de la construcci\u00f3 i el manteniment d&#8217;edificis en la qual es treballa sense bastides, utilitzant \u00fanicament cordes, cables, arnesos i altres mecanismes que permetin als professionals suspendre&#8217;s en l&#8217;aire. En no utilitzar grues ni bastides, es redueixen costos, s&#8217;obt\u00e9 una major rapidesa i s&#8217;aconsegueix treballar en llocs de dif\u00edcil acc\u00e9s, com a fa\u00e7anes d&#8217;edificis o aerogeneradors e\u00f2lics.<\/p>\n","protected":false},"excerpt":{"rendered":"<p>NewCo EA Ib\u00e8rica funcionar\u00e0 com a delegaci\u00f3 de Acrobatica\u00ae i comptar\u00e0 amb l&#8217;estructura de Acc\u00e9s Vertical i el seu coneixement&#8230;<\/p>\n","protected":false},"author":2,"featured_media":350905,"comment_status":"open","ping_status":"open","sticky":false,"template":"","format":"standard","meta":[],"categories":[303],"tags":[],"post_format":[],"yoast_description":"NewCo EA Ib\u00e8rica funcionar\u00e0 com a delegaci\u00f3 d'Acrobatica i comptar\u00e0 amb l\u2019estructura d'Acc\u00e9s Vertical i el seu coneixement del mercat local.","yoast_title":"Acrobatica i Acc\u00e9s Vertical creuen EA Ib\u00e8rica i inicien els seus plans d'expansi\u00f3 per Espanya - Acrobatica","acf":[],"yoast_head":"<!-- This site is optimized with the Yoast SEO plugin v20.3 - https:\/\/yoast.com\/wordpress\/plugins\/seo\/ -->\n<title>Acrobatica i Acc\u00e9s Vertical creuen EA Ib\u00e8rica i inicien els seus plans d&#039;expansi\u00f3 per Espanya - Acrobatica<\/title>\n<meta name=\"description\" content=\"NewCo EA Ib\u00e8rica funcionar\u00e0 com a delegaci\u00f3 d&#039;Acrobatica i comptar\u00e0 amb l\u2019estructura d&#039;Acc\u00e9s Vertical i el seu coneixement del mercat local.\" \/>\n<meta name=\"robots\" content=\"index, follow, max-snippet:-1, max-image-preview:large, max-video-preview:-1\" \/>\n<link rel=\"canonical\" href=\"https:\/\/acrobatica.es\/ca\/ediliziacrobatica-i-acces-vertical-creen-ea-iberica-i-inicien-els-seus-plans-dexpansio-per-espanya\/\" \/>\n<meta property=\"og:locale\" content=\"ca_ES\" \/>\n<meta property=\"og:type\" content=\"article\" \/>\n<meta property=\"og:title\" content=\"Acrobatica i Acc\u00e9s Vertical creuen EA Ib\u00e8rica i inicien els seus plans d&#039;expansi\u00f3 per Espanya - Acrobatica\" \/>\n<meta property=\"og:description\" content=\"NewCo EA Ib\u00e8rica funcionar\u00e0 com a delegaci\u00f3 d&#039;Acrobatica i comptar\u00e0 amb l\u2019estructura d&#039;Acc\u00e9s Vertical i el seu coneixement del mercat local.\" \/>\n<meta property=\"og:url\" content=\"https:\/\/acrobatica.es\/ca\/ediliziacrobatica-i-acces-vertical-creen-ea-iberica-i-inicien-els-seus-plans-dexpansio-per-espanya\/\" \/>\n<meta property=\"og:site_name\" content=\"Acrobatica\" \/>\n<meta property=\"article:published_time\" content=\"2022-11-29T22:15:24+00:00\" \/>\n<meta property=\"article:modified_time\" content=\"2024-09-06T09:24:57+00:00\" \/>\n<meta property=\"og:image\" content=\"https:\/\/acrobatica.es\/app\/uploads\/2022\/03\/accesvertical_ediliziacrobatica.jpg\" \/>\n\t<meta property=\"og:image:width\" content=\"1350\" \/>\n\t<meta property=\"og:image:height\" content=\"600\" \/>\n\t<meta property=\"og:image:type\" content=\"image\/jpeg\" \/>\n<meta name=\"author\" content=\"simone\" \/>\n<meta name=\"twitter:card\" content=\"summary_large_image\" \/>\n<meta name=\"twitter:label1\" content=\"Written by\" \/>\n\t<meta name=\"twitter:data1\" content=\"simone\" \/>\n\t<meta name=\"twitter:label2\" content=\"Est. reading time\" \/>\n\t<meta name=\"twitter:data2\" content=\"2 minutes\" \/>\n<script type=\"application\/ld+json\" class=\"yoast-schema-graph\">{\"@context\":\"https:\/\/schema.org\",\"@graph\":[{\"@type\":\"Article\",\"@id\":\"https:\/\/acrobatica.es\/ca\/ediliziacrobatica-i-acces-vertical-creen-ea-iberica-i-inicien-els-seus-plans-dexpansio-per-espanya\/#article\",\"isPartOf\":{\"@id\":\"https:\/\/acrobatica.es\/ca\/ediliziacrobatica-i-acces-vertical-creen-ea-iberica-i-inicien-els-seus-plans-dexpansio-per-espanya\/\"},\"author\":{\"name\":\"simone\",\"@id\":\"https:\/\/acrobatica.es\/#\/schema\/person\/942a5ead0805d163c8797741418ac0cc\"},\"headline\":\"Acrobatica i Acc\u00e9s Vertical creuen EA Ib\u00e8rica i inici\u00efn els seus plans d&#8217;expansi\u00f3 per Espanya\",\"datePublished\":\"2022-11-29T22:15:24+00:00\",\"dateModified\":\"2024-09-06T09:24:57+00:00\",\"mainEntityOfPage\":{\"@id\":\"https:\/\/acrobatica.es\/ca\/ediliziacrobatica-i-acces-vertical-creen-ea-iberica-i-inicien-els-seus-plans-dexpansio-per-espanya\/\"},\"wordCount\":348,\"commentCount\":0,\"publisher\":{\"@id\":\"https:\/\/acrobatica.es\/#organization\"},\"articleSection\":[\"Uncategorized @ca\"],\"inLanguage\":\"ca\",\"potentialAction\":[{\"@type\":\"CommentAction\",\"name\":\"Comment\",\"target\":[\"https:\/\/acrobatica.es\/ca\/ediliziacrobatica-i-acces-vertical-creen-ea-iberica-i-inicien-els-seus-plans-dexpansio-per-espanya\/#respond\"]}]},{\"@type\":\"WebPage\",\"@id\":\"https:\/\/acrobatica.es\/ca\/ediliziacrobatica-i-acces-vertical-creen-ea-iberica-i-inicien-els-seus-plans-dexpansio-per-espanya\/\",\"url\":\"https:\/\/acrobatica.es\/ca\/ediliziacrobatica-i-acces-vertical-creen-ea-iberica-i-inicien-els-seus-plans-dexpansio-per-espanya\/\",\"name\":\"Acrobatica i Acc\u00e9s Vertical creuen EA Ib\u00e8rica i inicien els seus plans d'expansi\u00f3 per Espanya - Acrobatica\",\"isPartOf\":{\"@id\":\"https:\/\/acrobatica.es\/#website\"},\"datePublished\":\"2022-11-29T22:15:24+00:00\",\"dateModified\":\"2024-09-06T09:24:57+00:00\",\"description\":\"NewCo EA Ib\u00e8rica funcionar\u00e0 com a delegaci\u00f3 d'Acrobatica i comptar\u00e0 amb l\u2019estructura d'Acc\u00e9s Vertical i el seu coneixement del mercat local.\",\"breadcrumb\":{\"@id\":\"https:\/\/acrobatica.es\/ca\/ediliziacrobatica-i-acces-vertical-creen-ea-iberica-i-inicien-els-seus-plans-dexpansio-per-espanya\/#breadcrumb\"},\"inLanguage\":\"ca\",\"potentialAction\":[{\"@type\":\"ReadAction\",\"target\":[\"https:\/\/acrobatica.es\/ca\/ediliziacrobatica-i-acces-vertical-creen-ea-iberica-i-inicien-els-seus-plans-dexpansio-per-espanya\/\"]}]},{\"@type\":\"BreadcrumbList\",\"@id\":\"https:\/\/acrobatica.es\/ca\/ediliziacrobatica-i-acces-vertical-creen-ea-iberica-i-inicien-els-seus-plans-dexpansio-per-espanya\/#breadcrumb\",\"itemListElement\":[{\"@type\":\"ListItem\",\"position\":1,\"name\":\"Home\",\"item\":\"https:\/\/acrobatica.es\/ca\/\"},{\"@type\":\"ListItem\",\"position\":2,\"name\":\"Acrobatica i Acc\u00e9s Vertical creuen EA Ib\u00e8rica i inici\u00efn els seus plans d&#8217;expansi\u00f3 per Espanya\"}]},{\"@type\":\"WebSite\",\"@id\":\"https:\/\/acrobatica.es\/#website\",\"url\":\"https:\/\/acrobatica.es\/\",\"name\":\"Acrobatica\",\"description\":\"Ristrutturazioni edili senza ponteggi\",\"publisher\":{\"@id\":\"https:\/\/acrobatica.es\/#organization\"},\"potentialAction\":[{\"@type\":\"SearchAction\",\"target\":{\"@type\":\"EntryPoint\",\"urlTemplate\":\"https:\/\/acrobatica.es\/?s={search_term_string}\"},\"query-input\":\"required name=search_term_string\"}],\"inLanguage\":\"ca\"},{\"@type\":\"Organization\",\"@id\":\"https:\/\/acrobatica.es\/#organization\",\"name\":\"Acrobatica\u00ae\",\"url\":\"https:\/\/acrobatica.es\/\",\"logo\":{\"@type\":\"ImageObject\",\"inLanguage\":\"ca\",\"@id\":\"https:\/\/acrobatica.es\/#\/schema\/logo\/image\/\",\"url\":\"https:\/\/ediliziacrobatica.com\/web\/app\/uploads\/2021\/06\/logo-ediliziacrobatica.png\",\"contentUrl\":\"https:\/\/ediliziacrobatica.com\/web\/app\/uploads\/2021\/06\/logo-ediliziacrobatica.png\",\"width\":484,\"height\":104,\"caption\":\"Acrobatica\u00ae\"},\"image\":{\"@id\":\"https:\/\/acrobatica.es\/#\/schema\/logo\/image\/\"}},{\"@type\":\"Person\",\"@id\":\"https:\/\/acrobatica.es\/#\/schema\/person\/942a5ead0805d163c8797741418ac0cc\",\"name\":\"simone\",\"image\":{\"@type\":\"ImageObject\",\"inLanguage\":\"ca\",\"@id\":\"https:\/\/acrobatica.es\/#\/schema\/person\/image\/\",\"url\":\"https:\/\/secure.gravatar.com\/avatar\/4182a980f5a320c0cf0174d66f8c4233?s=96&d=mm&r=g\",\"contentUrl\":\"https:\/\/secure.gravatar.com\/avatar\/4182a980f5a320c0cf0174d66f8c4233?s=96&d=mm&r=g\",\"caption\":\"simone\"}}]}<\/script>\n<!-- \/ Yoast SEO plugin. -->","yoast_head_json":{"title":"Acrobatica i Acc\u00e9s Vertical creuen EA Ib\u00e8rica i inicien els seus plans d'expansi\u00f3 per Espanya - Acrobatica","description":"NewCo EA Ib\u00e8rica funcionar\u00e0 com a delegaci\u00f3 d'Acrobatica i comptar\u00e0 amb l\u2019estructura d'Acc\u00e9s Vertical i el seu coneixement del mercat local.","robots":{"index":"index","follow":"follow","max-snippet":"max-snippet:-1","max-image-preview":"max-image-preview:large","max-video-preview":"max-video-preview:-1"},"canonical":"https:\/\/acrobatica.es\/ca\/ediliziacrobatica-i-acces-vertical-creen-ea-iberica-i-inicien-els-seus-plans-dexpansio-per-espanya\/","og_locale":"ca_ES","og_type":"article","og_title":"Acrobatica i Acc\u00e9s Vertical creuen EA Ib\u00e8rica i inicien els seus plans d'expansi\u00f3 per Espanya - Acrobatica","og_description":"NewCo EA Ib\u00e8rica funcionar\u00e0 com a delegaci\u00f3 d'Acrobatica i comptar\u00e0 amb l\u2019estructura d'Acc\u00e9s Vertical i el seu coneixement del mercat local.","og_url":"https:\/\/acrobatica.es\/ca\/ediliziacrobatica-i-acces-vertical-creen-ea-iberica-i-inicien-els-seus-plans-dexpansio-per-espanya\/","og_site_name":"Acrobatica","article_published_time":"2022-11-29T22:15:24+00:00","article_modified_time":"2024-09-06T09:24:57+00:00","og_image":[{"width":1350,"height":600,"url":"https:\/\/acrobatica.es\/app\/uploads\/2022\/03\/accesvertical_ediliziacrobatica.jpg","type":"image\/jpeg"}],"author":"simone","twitter_card":"summary_large_image","twitter_misc":{"Written by":"simone","Est. reading time":"2 minutes"},"schema":{"@context":"https:\/\/schema.org","@graph":[{"@type":"Article","@id":"https:\/\/acrobatica.es\/ca\/ediliziacrobatica-i-acces-vertical-creen-ea-iberica-i-inicien-els-seus-plans-dexpansio-per-espanya\/#article","isPartOf":{"@id":"https:\/\/acrobatica.es\/ca\/ediliziacrobatica-i-acces-vertical-creen-ea-iberica-i-inicien-els-seus-plans-dexpansio-per-espanya\/"},"author":{"name":"simone","@id":"https:\/\/acrobatica.es\/#\/schema\/person\/942a5ead0805d163c8797741418ac0cc"},"headline":"Acrobatica i Acc\u00e9s Vertical creuen EA Ib\u00e8rica i inici\u00efn els seus plans d&#8217;expansi\u00f3 per Espanya","datePublished":"2022-11-29T22:15:24+00:00","dateModified":"2024-09-06T09:24:57+00:00","mainEntityOfPage":{"@id":"https:\/\/acrobatica.es\/ca\/ediliziacrobatica-i-acces-vertical-creen-ea-iberica-i-inicien-els-seus-plans-dexpansio-per-espanya\/"},"wordCount":348,"commentCount":0,"publisher":{"@id":"https:\/\/acrobatica.es\/#organization"},"articleSection":["Uncategorized @ca"],"inLanguage":"ca","potentialAction":[{"@type":"CommentAction","name":"Comment","target":["https:\/\/acrobatica.es\/ca\/ediliziacrobatica-i-acces-vertical-creen-ea-iberica-i-inicien-els-seus-plans-dexpansio-per-espanya\/#respond"]}]},{"@type":"WebPage","@id":"https:\/\/acrobatica.es\/ca\/ediliziacrobatica-i-acces-vertical-creen-ea-iberica-i-inicien-els-seus-plans-dexpansio-per-espanya\/","url":"https:\/\/acrobatica.es\/ca\/ediliziacrobatica-i-acces-vertical-creen-ea-iberica-i-inicien-els-seus-plans-dexpansio-per-espanya\/","name":"Acrobatica i Acc\u00e9s Vertical creuen EA Ib\u00e8rica i inicien els seus plans d'expansi\u00f3 per Espanya - Acrobatica","isPartOf":{"@id":"https:\/\/acrobatica.es\/#website"},"datePublished":"2022-11-29T22:15:24+00:00","dateModified":"2024-09-06T09:24:57+00:00","description":"NewCo EA Ib\u00e8rica funcionar\u00e0 com a delegaci\u00f3 d'Acrobatica i comptar\u00e0 amb l\u2019estructura d'Acc\u00e9s Vertical i el seu coneixement del mercat local.","breadcrumb":{"@id":"https:\/\/acrobatica.es\/ca\/ediliziacrobatica-i-acces-vertical-creen-ea-iberica-i-inicien-els-seus-plans-dexpansio-per-espanya\/#breadcrumb"},"inLanguage":"ca","potentialAction":[{"@type":"ReadAction","target":["https:\/\/acrobatica.es\/ca\/ediliziacrobatica-i-acces-vertical-creen-ea-iberica-i-inicien-els-seus-plans-dexpansio-per-espanya\/"]}]},{"@type":"BreadcrumbList","@id":"https:\/\/acrobatica.es\/ca\/ediliziacrobatica-i-acces-vertical-creen-ea-iberica-i-inicien-els-seus-plans-dexpansio-per-espanya\/#breadcrumb","itemListElement":[{"@type":"ListItem","position":1,"name":"Home","item":"https:\/\/acrobatica.es\/ca\/"},{"@type":"ListItem","position":2,"name":"Acrobatica i Acc\u00e9s Vertical creuen EA Ib\u00e8rica i inici\u00efn els seus plans d&#8217;expansi\u00f3 per Espanya"}]},{"@type":"WebSite","@id":"https:\/\/acrobatica.es\/#website","url":"https:\/\/acrobatica.es\/","name":"Acrobatica","description":"Ristrutturazioni edili senza ponteggi","publisher":{"@id":"https:\/\/acrobatica.es\/#organization"},"potentialAction":[{"@type":"SearchAction","target":{"@type":"EntryPoint","urlTemplate":"https:\/\/acrobatica.es\/?s={search_term_string}"},"query-input":"required name=search_term_string"}],"inLanguage":"ca"},{"@type":"Organization","@id":"https:\/\/acrobatica.es\/#organization","name":"Acrobatica\u00ae","url":"https:\/\/acrobatica.es\/","logo":{"@type":"ImageObject","inLanguage":"ca","@id":"https:\/\/acrobatica.es\/#\/schema\/logo\/image\/","url":"https:\/\/ediliziacrobatica.com\/web\/app\/uploads\/2021\/06\/logo-ediliziacrobatica.png","contentUrl":"https:\/\/ediliziacrobatica.com\/web\/app\/uploads\/2021\/06\/logo-ediliziacrobatica.png","width":484,"height":104,"caption":"Acrobatica\u00ae"},"image":{"@id":"https:\/\/acrobatica.es\/#\/schema\/logo\/image\/"}},{"@type":"Person","@id":"https:\/\/acrobatica.es\/#\/schema\/person\/942a5ead0805d163c8797741418ac0cc","name":"simone","image":{"@type":"ImageObject","inLanguage":"ca","@id":"https:\/\/acrobatica.es\/#\/schema\/person\/image\/","url":"https:\/\/secure.gravatar.com\/avatar\/4182a980f5a320c0cf0174d66f8c4233?s=96&d=mm&r=g","contentUrl":"https:\/\/secure.gravatar.com\/avatar\/4182a980f5a320c0cf0174d66f8c4233?s=96&d=mm&r=g","caption":"simone"}}]}},"_links":{"self":[{"href":"https:\/\/acrobatica.es\/ca\/wp-json\/wp\/v2\/posts\/350902"}],"collection":[{"href":"https:\/\/acrobatica.es\/ca\/wp-json\/wp\/v2\/posts"}],"about":[{"href":"https:\/\/acrobatica.es\/ca\/wp-json\/wp\/v2\/types\/post"}],"author":[{"embeddable":true,"href":"https:\/\/acrobatica.es\/ca\/wp-json\/wp\/v2\/users\/2"}],"replies":[{"embeddable":true,"href":"https:\/\/acrobatica.es\/ca\/wp-json\/wp\/v2\/comments?post=350902"}],"version-history":[{"count":3,"href":"https:\/\/acrobatica.es\/ca\/wp-json\/wp\/v2\/posts\/350902\/revisions"}],"predecessor-version":[{"id":352196,"href":"https:\/\/acrobatica.es\/ca\/wp-json\/wp\/v2\/posts\/350902\/revisions\/352196"}],"wp:featuredmedia":[{"embeddable":true,"href":"https:\/\/acrobatica.es\/ca\/wp-json\/wp\/v2\/media\/350905"}],"wp:attachment":[{"href":"https:\/\/acrobatica.es\/ca\/wp-json\/wp\/v2\/media?parent=350902"}],"wp:term":[{"taxonomy":"category","embeddable":true,"href":"https:\/\/acrobatica.es\/ca\/wp-json\/wp\/v2\/categories?post=350902"},{"taxonomy":"post_tag","embeddable":true,"href":"https:\/\/acrobatica.es\/ca\/wp-json\/wp\/v2\/tags?post=350902"},{"taxonomy":"post_format","embeddable":true,"href":"https:\/\/acrobatica.es\/ca\/wp-json\/wp\/v2\/post_format?post=350902"}],"curies":[{"name":"wp","href":"https:\/\/api.w.org\/{rel}","templated":true}]}}