{"id":351589,"date":"2023-09-26T10:46:50","date_gmt":"2023-09-26T08:46:50","guid":{"rendered":"https:\/\/acrobatica.es\/?p=351589"},"modified":"2024-09-06T12:24:46","modified_gmt":"2024-09-06T10:24:46","slug":"gracias-riccardo","status":"publish","type":"post","link":"https:\/\/acrobatica.es\/ca\/gracias-riccardo\/","title":{"rendered":"Gracias Riccardo."},"content":{"rendered":"<div class=\"wp-block-image\">\n<figure class=\"aligncenter size-full\"><img decoding=\"async\" loading=\"lazy\" width=\"640\" height=\"800\" src=\"https:\/\/acrobatica.es\/app\/uploads\/2023\/09\/WhatsApp-Image-2023-09-26-at-10.50.04.jpeg\" alt=\"\" class=\"wp-image-351611\" srcset=\"https:\/\/acrobatica.es\/app\/uploads\/2023\/09\/WhatsApp-Image-2023-09-26-at-10.50.04.jpeg 640w, https:\/\/acrobatica.es\/app\/uploads\/2023\/09\/WhatsApp-Image-2023-09-26-at-10.50.04-240x300.jpeg 240w, https:\/\/acrobatica.es\/app\/uploads\/2023\/09\/WhatsApp-Image-2023-09-26-at-10.50.04-60x75.jpeg 60w, https:\/\/acrobatica.es\/app\/uploads\/2023\/09\/WhatsApp-Image-2023-09-26-at-10.50.04-70x88.jpeg 70w\" sizes=\"(max-width: 640px) 100vw, 640px\" \/><\/figure><\/div>\n\n\n<p class=\"\">Acrobatica\u00ae anuncia que <strong>Riccardo Iovino<\/strong>, fundador y Consejero Delegado de la empresa, ha fallecido ayer tras una repentina enfermedad.<\/p>\n\n\n\n<p class=\"\">Riccardo fue un empresario extraordinario y previsor, capaz hace <strong>casi 30 a\u00f1os<\/strong> de darse cuenta del potencial de una t\u00e9cnica que, tomada del mundo de la vela y el alpinismo, pod\u00eda aplicarse eficazmente al mundo de la construcci\u00f3n: la doble cuerda de seguridad.<\/p>\n\n\n\n<p class=\"\">Desde que empez\u00f3, \u00e9l, el primer y \u00fanico Acrobatico, de las callejuelas de G\u00e9nova, ha llevado a la empresa a cotizar dos veces en los mercados financieros, a extenderse no s\u00f3lo en Italia, sino tambi\u00e9n en <strong>Francia, Espa\u00f1a, el Principado de M\u00f3naco, los Emiratos \u00c1rabes, Arabia Saud\u00ed<\/strong> y <strong>Nepal<\/strong>, dando empleo permanente a <strong>m\u00e1s de 2200 personas<\/strong>.<\/p>\n\n\n\n<p class=\"\">Y es siempre a la clarividencia empresarial de Riccardo Iovino a quien debemos una empresa organizada y estructurada, con una direcci\u00f3n dispuesta a continuar el sue\u00f1o de su fundador.<\/p>\n\n\n\n<p class=\"\">Por eso hoy, incluso en el profundo dolor que estamos experimentando, estamos dispuestos a continuar por el camino que Riccardo hab\u00eda abierto indicando tambi\u00e9n las pr\u00f3ximas metas que estamos seguros de alcanzar, exactamente como \u00e9l quer\u00eda.<\/p>\n\n\n\n<p class=\"\"><strong>El legado de Riccardo Iovino es Acrobatica\u00ae<\/strong>, la empresa que hace 30 a\u00f1os empez\u00f3 a revolucionar la forma de hacer construcci\u00f3n en el mundo y que nunca fracasar\u00e1 en esta misi\u00f3n.<\/p>\n\n\n\n<p class=\"\">El Consejo de Administraci\u00f3n, la Junta de Auditores, los empleados, colaboradores y consultores de EdiliziAcrobatica S.p.A., expresan sus condolencias por el fallecimiento de Riccardo Iovino y se unen a la familia en el dolor por su gran p\u00e9rdida.<\/p>\n\n\n\n<p class=\"\">Al mismo tiempo, el Consejo de Administraci\u00f3n anuncia que se reunir\u00e1 en breve para definir los pr\u00f3ximos pasos.<\/p>\n","protected":false},"excerpt":{"rendered":"<p>Acrobatica\u00ae anuncia que Riccardo Iovino, fundador y Consejero Delegado de la empresa, ha fallecido ayer tras una repentina enfermedad. Riccardo&#8230;<\/p>\n","protected":false},"author":22,"featured_media":351619,"comment_status":"open","ping_status":"open","sticky":false,"template":"","format":"standard","meta":[],"categories":[303],"tags":[],"post_format":[],"yoast_description":"En mem\u00f2ria de Riccardo Iovino: fundador d'Acrobatica. Amb profund pesar, acomiadem una gran l\u00edder i persona. El seu llegat perdurar\u00e0 a la nostra empresa.","yoast_title":"Gr\u00e0cies Riccardo - Acrobatica","acf":[],"yoast_head":"<!-- This site is optimized with the Yoast SEO plugin v20.3 - https:\/\/yoast.com\/wordpress\/plugins\/seo\/ -->\n<title>Gr\u00e0cies Riccardo - Acrobatica<\/title>\n<meta name=\"description\" content=\"En mem\u00f2ria de Riccardo Iovino: fundador d&#039;Acrobatica. Amb profund pesar, acomiadem una gran l\u00edder i persona. El seu llegat perdurar\u00e0 a la nostra empresa.\" \/>\n<meta name=\"robots\" content=\"index, follow, max-snippet:-1, max-image-preview:large, max-video-preview:-1\" \/>\n<link rel=\"canonical\" href=\"https:\/\/acrobatica.es\/ca\/gracias-riccardo\/\" \/>\n<meta property=\"og:locale\" content=\"ca_ES\" \/>\n<meta property=\"og:type\" content=\"article\" \/>\n<meta property=\"og:title\" content=\"Gr\u00e0cies Riccardo - Acrobatica\" \/>\n<meta property=\"og:description\" content=\"En mem\u00f2ria de Riccardo Iovino: fundador d&#039;Acrobatica. Amb profund pesar, acomiadem una gran l\u00edder i persona. El seu llegat perdurar\u00e0 a la nostra empresa.\" \/>\n<meta property=\"og:url\" content=\"https:\/\/acrobatica.es\/ca\/gracias-riccardo\/\" \/>\n<meta property=\"og:site_name\" content=\"Acrobatica\" \/>\n<meta property=\"article:published_time\" content=\"2023-09-26T08:46:50+00:00\" \/>\n<meta property=\"article:modified_time\" content=\"2024-09-06T10:24:46+00:00\" \/>\n<meta property=\"og:image\" content=\"https:\/\/acrobatica.es\/app\/uploads\/2023\/09\/Diseno-sin-titulo-31.png\" \/>\n\t<meta property=\"og:image:width\" content=\"800\" \/>\n\t<meta property=\"og:image:height\" content=\"640\" \/>\n\t<meta property=\"og:image:type\" content=\"image\/png\" \/>\n<meta name=\"author\" content=\"guillem\" \/>\n<meta name=\"twitter:card\" content=\"summary_large_image\" \/>\n<meta name=\"twitter:label1\" content=\"Written by\" \/>\n\t<meta name=\"twitter:data1\" content=\"guillem\" \/>\n\t<meta name=\"twitter:label2\" content=\"Est. reading time\" \/>\n\t<meta name=\"twitter:data2\" content=\"2 minutes\" \/>\n<script type=\"application\/ld+json\" class=\"yoast-schema-graph\">{\"@context\":\"https:\/\/schema.org\",\"@graph\":[{\"@type\":\"Article\",\"@id\":\"https:\/\/acrobatica.es\/ca\/gracias-riccardo\/#article\",\"isPartOf\":{\"@id\":\"https:\/\/acrobatica.es\/ca\/gracias-riccardo\/\"},\"author\":{\"name\":\"guillem\",\"@id\":\"https:\/\/acrobatica.es\/#\/schema\/person\/f7b294fd6f463c45a9c4825f04caabf2\"},\"headline\":\"Gracias Riccardo.\",\"datePublished\":\"2023-09-26T08:46:50+00:00\",\"dateModified\":\"2024-09-06T10:24:46+00:00\",\"mainEntityOfPage\":{\"@id\":\"https:\/\/acrobatica.es\/ca\/gracias-riccardo\/\"},\"wordCount\":295,\"commentCount\":0,\"publisher\":{\"@id\":\"https:\/\/acrobatica.es\/#organization\"},\"articleSection\":[\"Uncategorized @ca\"],\"inLanguage\":\"ca\",\"potentialAction\":[{\"@type\":\"CommentAction\",\"name\":\"Comment\",\"target\":[\"https:\/\/acrobatica.es\/ca\/gracias-riccardo\/#respond\"]}]},{\"@type\":\"WebPage\",\"@id\":\"https:\/\/acrobatica.es\/ca\/gracias-riccardo\/\",\"url\":\"https:\/\/acrobatica.es\/ca\/gracias-riccardo\/\",\"name\":\"Gr\u00e0cies Riccardo - Acrobatica\",\"isPartOf\":{\"@id\":\"https:\/\/acrobatica.es\/#website\"},\"datePublished\":\"2023-09-26T08:46:50+00:00\",\"dateModified\":\"2024-09-06T10:24:46+00:00\",\"description\":\"En mem\u00f2ria de Riccardo Iovino: fundador d'Acrobatica. Amb profund pesar, acomiadem una gran l\u00edder i persona. El seu llegat perdurar\u00e0 a la nostra empresa.\",\"breadcrumb\":{\"@id\":\"https:\/\/acrobatica.es\/ca\/gracias-riccardo\/#breadcrumb\"},\"inLanguage\":\"ca\",\"potentialAction\":[{\"@type\":\"ReadAction\",\"target\":[\"https:\/\/acrobatica.es\/ca\/gracias-riccardo\/\"]}]},{\"@type\":\"BreadcrumbList\",\"@id\":\"https:\/\/acrobatica.es\/ca\/gracias-riccardo\/#breadcrumb\",\"itemListElement\":[{\"@type\":\"ListItem\",\"position\":1,\"name\":\"Home\",\"item\":\"https:\/\/acrobatica.es\/ca\/\"},{\"@type\":\"ListItem\",\"position\":2,\"name\":\"Gracias Riccardo.\"}]},{\"@type\":\"WebSite\",\"@id\":\"https:\/\/acrobatica.es\/#website\",\"url\":\"https:\/\/acrobatica.es\/\",\"name\":\"Acrobatica\",\"description\":\"Ristrutturazioni edili senza ponteggi\",\"publisher\":{\"@id\":\"https:\/\/acrobatica.es\/#organization\"},\"potentialAction\":[{\"@type\":\"SearchAction\",\"target\":{\"@type\":\"EntryPoint\",\"urlTemplate\":\"https:\/\/acrobatica.es\/?s={search_term_string}\"},\"query-input\":\"required name=search_term_string\"}],\"inLanguage\":\"ca\"},{\"@type\":\"Organization\",\"@id\":\"https:\/\/acrobatica.es\/#organization\",\"name\":\"Acrobatica\u00ae\",\"url\":\"https:\/\/acrobatica.es\/\",\"logo\":{\"@type\":\"ImageObject\",\"inLanguage\":\"ca\",\"@id\":\"https:\/\/acrobatica.es\/#\/schema\/logo\/image\/\",\"url\":\"https:\/\/ediliziacrobatica.com\/web\/app\/uploads\/2021\/06\/logo-ediliziacrobatica.png\",\"contentUrl\":\"https:\/\/ediliziacrobatica.com\/web\/app\/uploads\/2021\/06\/logo-ediliziacrobatica.png\",\"width\":484,\"height\":104,\"caption\":\"Acrobatica\u00ae\"},\"image\":{\"@id\":\"https:\/\/acrobatica.es\/#\/schema\/logo\/image\/\"}},{\"@type\":\"Person\",\"@id\":\"https:\/\/acrobatica.es\/#\/schema\/person\/f7b294fd6f463c45a9c4825f04caabf2\",\"name\":\"guillem\",\"image\":{\"@type\":\"ImageObject\",\"inLanguage\":\"ca\",\"@id\":\"https:\/\/acrobatica.es\/#\/schema\/person\/image\/\",\"url\":\"https:\/\/secure.gravatar.com\/avatar\/f8437e3d6053950de34c1c787d5d8c97?s=96&d=mm&r=g\",\"contentUrl\":\"https:\/\/secure.gravatar.com\/avatar\/f8437e3d6053950de34c1c787d5d8c97?s=96&d=mm&r=g\",\"caption\":\"guillem\"}}]}<\/script>\n<!-- \/ Yoast SEO plugin. -->","yoast_head_json":{"title":"Gr\u00e0cies Riccardo - Acrobatica","description":"En mem\u00f2ria de Riccardo Iovino: fundador d'Acrobatica. Amb profund pesar, acomiadem una gran l\u00edder i persona. El seu llegat perdurar\u00e0 a la nostra empresa.","robots":{"index":"index","follow":"follow","max-snippet":"max-snippet:-1","max-image-preview":"max-image-preview:large","max-video-preview":"max-video-preview:-1"},"canonical":"https:\/\/acrobatica.es\/ca\/gracias-riccardo\/","og_locale":"ca_ES","og_type":"article","og_title":"Gr\u00e0cies Riccardo - Acrobatica","og_description":"En mem\u00f2ria de Riccardo Iovino: fundador d'Acrobatica. Amb profund pesar, acomiadem una gran l\u00edder i persona. El seu llegat perdurar\u00e0 a la nostra empresa.","og_url":"https:\/\/acrobatica.es\/ca\/gracias-riccardo\/","og_site_name":"Acrobatica","article_published_time":"2023-09-26T08:46:50+00:00","article_modified_time":"2024-09-06T10:24:46+00:00","og_image":[{"width":800,"height":640,"url":"https:\/\/acrobatica.es\/app\/uploads\/2023\/09\/Diseno-sin-titulo-31.png","type":"image\/png"}],"author":"guillem","twitter_card":"summary_large_image","twitter_misc":{"Written by":"guillem","Est. reading time":"2 minutes"},"schema":{"@context":"https:\/\/schema.org","@graph":[{"@type":"Article","@id":"https:\/\/acrobatica.es\/ca\/gracias-riccardo\/#article","isPartOf":{"@id":"https:\/\/acrobatica.es\/ca\/gracias-riccardo\/"},"author":{"name":"guillem","@id":"https:\/\/acrobatica.es\/#\/schema\/person\/f7b294fd6f463c45a9c4825f04caabf2"},"headline":"Gracias Riccardo.","datePublished":"2023-09-26T08:46:50+00:00","dateModified":"2024-09-06T10:24:46+00:00","mainEntityOfPage":{"@id":"https:\/\/acrobatica.es\/ca\/gracias-riccardo\/"},"wordCount":295,"commentCount":0,"publisher":{"@id":"https:\/\/acrobatica.es\/#organization"},"articleSection":["Uncategorized @ca"],"inLanguage":"ca","potentialAction":[{"@type":"CommentAction","name":"Comment","target":["https:\/\/acrobatica.es\/ca\/gracias-riccardo\/#respond"]}]},{"@type":"WebPage","@id":"https:\/\/acrobatica.es\/ca\/gracias-riccardo\/","url":"https:\/\/acrobatica.es\/ca\/gracias-riccardo\/","name":"Gr\u00e0cies Riccardo - Acrobatica","isPartOf":{"@id":"https:\/\/acrobatica.es\/#website"},"datePublished":"2023-09-26T08:46:50+00:00","dateModified":"2024-09-06T10:24:46+00:00","description":"En mem\u00f2ria de Riccardo Iovino: fundador d'Acrobatica. Amb profund pesar, acomiadem una gran l\u00edder i persona. El seu llegat perdurar\u00e0 a la nostra empresa.","breadcrumb":{"@id":"https:\/\/acrobatica.es\/ca\/gracias-riccardo\/#breadcrumb"},"inLanguage":"ca","potentialAction":[{"@type":"ReadAction","target":["https:\/\/acrobatica.es\/ca\/gracias-riccardo\/"]}]},{"@type":"BreadcrumbList","@id":"https:\/\/acrobatica.es\/ca\/gracias-riccardo\/#breadcrumb","itemListElement":[{"@type":"ListItem","position":1,"name":"Home","item":"https:\/\/acrobatica.es\/ca\/"},{"@type":"ListItem","position":2,"name":"Gracias Riccardo."}]},{"@type":"WebSite","@id":"https:\/\/acrobatica.es\/#website","url":"https:\/\/acrobatica.es\/","name":"Acrobatica","description":"Ristrutturazioni edili senza ponteggi","publisher":{"@id":"https:\/\/acrobatica.es\/#organization"},"potentialAction":[{"@type":"SearchAction","target":{"@type":"EntryPoint","urlTemplate":"https:\/\/acrobatica.es\/?s={search_term_string}"},"query-input":"required name=search_term_string"}],"inLanguage":"ca"},{"@type":"Organization","@id":"https:\/\/acrobatica.es\/#organization","name":"Acrobatica\u00ae","url":"https:\/\/acrobatica.es\/","logo":{"@type":"ImageObject","inLanguage":"ca","@id":"https:\/\/acrobatica.es\/#\/schema\/logo\/image\/","url":"https:\/\/ediliziacrobatica.com\/web\/app\/uploads\/2021\/06\/logo-ediliziacrobatica.png","contentUrl":"https:\/\/ediliziacrobatica.com\/web\/app\/uploads\/2021\/06\/logo-ediliziacrobatica.png","width":484,"height":104,"caption":"Acrobatica\u00ae"},"image":{"@id":"https:\/\/acrobatica.es\/#\/schema\/logo\/image\/"}},{"@type":"Person","@id":"https:\/\/acrobatica.es\/#\/schema\/person\/f7b294fd6f463c45a9c4825f04caabf2","name":"guillem","image":{"@type":"ImageObject","inLanguage":"ca","@id":"https:\/\/acrobatica.es\/#\/schema\/person\/image\/","url":"https:\/\/secure.gravatar.com\/avatar\/f8437e3d6053950de34c1c787d5d8c97?s=96&d=mm&r=g","contentUrl":"https:\/\/secure.gravatar.com\/avatar\/f8437e3d6053950de34c1c787d5d8c97?s=96&d=mm&r=g","caption":"guillem"}}]}},"_links":{"self":[{"href":"https:\/\/acrobatica.es\/ca\/wp-json\/wp\/v2\/posts\/351589"}],"collection":[{"href":"https:\/\/acrobatica.es\/ca\/wp-json\/wp\/v2\/posts"}],"about":[{"href":"https:\/\/acrobatica.es\/ca\/wp-json\/wp\/v2\/types\/post"}],"author":[{"embeddable":true,"href":"https:\/\/acrobatica.es\/ca\/wp-json\/wp\/v2\/users\/22"}],"replies":[{"embeddable":true,"href":"https:\/\/acrobatica.es\/ca\/wp-json\/wp\/v2\/comments?post=351589"}],"version-history":[{"count":6,"href":"https:\/\/acrobatica.es\/ca\/wp-json\/wp\/v2\/posts\/351589\/revisions"}],"predecessor-version":[{"id":352214,"href":"https:\/\/acrobatica.es\/ca\/wp-json\/wp\/v2\/posts\/351589\/revisions\/352214"}],"wp:featuredmedia":[{"embeddable":true,"href":"https:\/\/acrobatica.es\/ca\/wp-json\/wp\/v2\/media\/351619"}],"wp:attachment":[{"href":"https:\/\/acrobatica.es\/ca\/wp-json\/wp\/v2\/media?parent=351589"}],"wp:term":[{"taxonomy":"category","embeddable":true,"href":"https:\/\/acrobatica.es\/ca\/wp-json\/wp\/v2\/categories?post=351589"},{"taxonomy":"post_tag","embeddable":true,"href":"https:\/\/acrobatica.es\/ca\/wp-json\/wp\/v2\/tags?post=351589"},{"taxonomy":"post_format","embeddable":true,"href":"https:\/\/acrobatica.es\/ca\/wp-json\/wp\/v2\/post_format?post=351589"}],"curies":[{"name":"wp","href":"https:\/\/api.w.org\/{rel}","templated":true}]}}